{"id":9880,"date":"2013-06-11T09:58:33","date_gmt":"2013-06-10T21:58:33","guid":{"rendered":"http:\/\/rugbyredefined.com\/?p=9880"},"modified":"2013-06-11T09:58:33","modified_gmt":"2013-06-10T21:58:33","slug":"mid-week-gives-blues-a-test-run","status":"publish","type":"post","link":"https:\/\/rugbyredefined.com\/wp\/uncategorized\/2013\/06\/mid-week-gives-blues-a-test-run\/","title":{"rendered":"Mid-week gives Blues a test run"},"content":{"rendered":"<p><a class=\"twitter-follow-button\" href=\"https:\/\/twitter.com\/RedefinedRugby\">Follow @RedefinedRugby<\/a><\/p>\n<p>For Sir John Kirwan, mid-week matches against international sides are the heart and soul of the game and his Blues team get a chance to make names for themselves against France tonight at North Harbour Stadium.<\/p>\n<p>&#8220;I&#8217;m expecting our guys to get out there and really take an opportunity,&#8221; Kirwan said. &#8220;The All Blacks playing Munster, the Lions playing the Force and the Reds and now the French playing the Blues. I think it&#8217;s where rugby needs to go forward. Get back to some mid-week games. It&#8217;s good for our guys and it&#8217;s good for their fringe guys who might not get a test match.&#8221;<\/p>\n<p>With Super Rugby on hold for the June internationals, Kirwan had organised a match against the Hurricanes, but quickly cancelled it when he received a better offer.<\/p>\n<p>Only Maxime Medard will back up from the French side which started in Saturday&#8217;s test. Medard started on the left wing in that match and has been named at fullback tonight. An ankle injury ruled flanker Fulgence Ouedraogo out of the tour. Yannick Nyanga will start.<\/p>\n<p style=\"text-align:center;\"><strong><a href=\"http:\/\/rugbyredefined.files.wordpress.com\/2013\/01\/fra1.jpg\"><img data-recalc-dims=\"1\" loading=\"lazy\" decoding=\"async\" src=\"http:\/\/rugbyredefined.files.wordpress.com\/2013\/01\/fra1.jpg?resize=213%2C235\" alt=\"fra1\" width=\"213\" height=\"235\" \/><\/a><\/strong><a href=\"http:\/\/rugbyredefined.files.wordpress.com\/2013\/01\/blues2013.jpg\"><img data-recalc-dims=\"1\" loading=\"lazy\" decoding=\"async\" class=\"alignnone size-full wp-image-5248\" src=\"http:\/\/rugbyredefined.files.wordpress.com\/2013\/01\/blues2013.jpg?resize=153%2C235\" alt=\"blues2013\" width=\"153\" height=\"235\" \/><\/a><\/p>\n<p><strong>Blues v France<\/strong><br \/>\nNorth Harbour Stadium, 7.05 tonight<\/p>\n<p><strong>Blues:<\/strong><br \/>\n15 Marty McKenzie, 14 Frank Halai, 13 Malakai Fekitoa, 12 Jackson Willison, 11 George Moala, 10 Baden Kerr, 9 J Gibson-Park, 8 Peter Saili, 7 Brendon O&#8217;Connor, 6 Kane Barrett, 5 Culum Retallick, 4 Anthony Boric, 3 Ofa Tu&#8217;ungafasi, 2 James Parsons (c), 1 Sam Prattley.16 Quentin MacDonald, 17 Angus Ta&#8217;avao, 18 Liaki Moli, 19 Ronald Raaymakers, 20 Sean Polwart, 21 Chris Noakes, 22 Tevita Li, 23 Wayne Ngaluafe.<\/p>\n<p><strong>France:<\/strong><br \/>\n15 Maxime Medard, 14 Noa Nakaitaci, 13 Gael Fickou, 12 Maxime Mermoz, 11 Marc Andreu, 10 Remi Tales, 9 Jean M Doussain, 8 Antonie Claassen, 7 Bernard le Roux, 6 Yannick Nyanga, 5 A Flanquart, 4 C Samson, 3 Nicolas Mas, 2 Guilhem Guirado, 1 Eddy Ben Arous. 16 Benjamin Kayser, 17 Vincent Debaty, 18 Daniel Kotze, 19 Sebastien Vahaamahina, 20 Damien Chouly, 21 Frederic Michalak, 22 Camille Lopez, 23 Brice Dulin.<\/p>\n<p><a href=\"http:\/\/www.playersrugby.co.nz\" target=\"_blank\"><img data-recalc-dims=\"1\" loading=\"lazy\" decoding=\"async\" class=\"aligncenter\" src=\"http:\/\/rugbyredefined.files.wordpress.com\/2012\/01\/ps5.gif?w=386&#038;h=57&#038;fit=386%2C57&#038;resize=386%2C57\" alt=\"ps5\" width=\"386\" height=\"57\" \/><\/a><\/p>\n<p style=\"text-align:center;\"><strong>10% Discount at PlayersRugby , off the Normal RRP<\/strong><br \/>\n<strong>by entering the code \u201c<em>rugbyredefined<\/em>\u201c<\/strong><\/p>\n","protected":false},"excerpt":{"rendered":"<p>Follow @RedefinedRugby For Sir John Kirwan, mid-week matches against international sides are the heart and soul of the game and his Blues team get a chance to make names for themselves against France tonight at North Harbour Stadium. &#8220;I&#8217;m expecting our guys to get out there and really take an opportunity,&#8221; Kirwan said. &#8220;The All&#8230;<\/p>\n","protected":false},"author":2,"featured_media":0,"comment_status":"open","ping_status":"closed","sticky":false,"template":"","format":"standard","meta":{"jetpack_post_was_ever_published":false,"footnotes":"","jetpack_publicize_message":"","jetpack_publicize_feature_enabled":true,"jetpack_social_post_already_shared":true,"jetpack_social_options":{"image_generator_settings":{"template":"highway","default_image_id":0,"font":"","enabled":false},"version":2}},"categories":[1],"tags":[3881],"class_list":["post-9880","post","type-post","status-publish","format-standard","hentry","category-uncategorized","tag-sports"],"jetpack_publicize_connections":[],"jetpack_featured_media_url":"","jetpack_sharing_enabled":true,"jetpack_shortlink":"https:\/\/wp.me\/p9yf19-2zm","jetpack_likes_enabled":true,"jetpack-related-posts":[{"id":12313,"url":"https:\/\/rugbyredefined.com\/wp\/uncategorized\/2013\/10\/nonu-has-signed-with-blues-hansen\/","url_meta":{"origin":9880,"position":0},"title":"Nonu has signed with Blues &#8211; Hansen","author":"RugbyRedefined","date":"October 21, 2013","format":false,"excerpt":"Follow @RedefinedRugby All Black Ma\u2019a Nonu The Blues have signed All Black second-five Ma'a Nonu for the 2014 Super Rugby season. All Blacks coach Steve Hansen reportedly confirmed the much anticipated move today, in a radio interview. A spokesman for the Blues denied the move, saying it wasn't a done\u2026","rel":"","context":"In \"All Black\"","block_context":{"text":"All Black","link":"https:\/\/rugbyredefined.com\/wp\/tag\/all-black\/"},"img":{"alt_text":"blues1","src":"https:\/\/rugbyredefined.files.wordpress.com\/2013\/02\/blues1.jpg?w=350&h=200&crop=1","width":350,"height":200},"classes":[]},{"id":12323,"url":"https:\/\/rugbyredefined.com\/wp\/uncategorized\/2013\/10\/nonu-re-signs-with-new-zealand-rugby-and-blues\/","url_meta":{"origin":9880,"position":1},"title":"Nonu re-signs with New Zealand Rugby and Blues","author":"RugbyRedefined","date":"October 22, 2013","format":false,"excerpt":"Follow @RedefinedRugby As we reported Yesterday , it is now OFFICIAL ! Nonu re-signs with New Zealand Rugby and Blues New Zealand Rugby (NZR) and the Blues franchise have confirmed that All Blacks midfielder Ma'a Nonu has signed with NZR and the Blues for 2014 and 2015. 31-year-old Nonu, who\u2026","rel":"","context":"In \"All Blacks\"","block_context":{"text":"All Blacks","link":"https:\/\/rugbyredefined.com\/wp\/tag\/all-blacks\/"},"img":{"alt_text":"nz_blues2","src":"https:\/\/rugbyredefined.files.wordpress.com\/2013\/10\/nz_blues2.jpg?w=350&h=200&crop=1","width":350,"height":200,"srcset":"https:\/\/rugbyredefined.files.wordpress.com\/2013\/10\/nz_blues2.jpg?w=350&h=200&crop=1 1x, https:\/\/rugbyredefined.files.wordpress.com\/2013\/10\/nz_blues2.jpg?w=525&h=300&crop=1 1.5x"},"classes":[]},{"id":2887,"url":"https:\/\/rugbyredefined.com\/wp\/uncategorized\/2012\/07\/blues-boost-stocks-at-first-five-with-chris-noakes\/","url_meta":{"origin":9880,"position":2},"title":"Blues boost stocks at first five with Chris Noakes","author":"RugbyRedefined","date":"July 26, 2012","format":false,"excerpt":"26\/07\/2012 Photosport HEADING HOME: The Blues have signed Highlanders first five-eighth Chris Noakes for next season The Blues have signed Highlanders first five-eighth Chris Noakes for next season as well as three younger players who made a big impression this season. The three signings to Super Rugby contracts are Charles\u2026","rel":"","context":"In \"colin slade\"","block_context":{"text":"colin slade","link":"https:\/\/rugbyredefined.com\/wp\/tag\/colin-slade\/"},"img":{"alt_text":"Chris Noakes","src":"https:\/\/i0.wp.com\/static.stuff.co.nz\/1343283567\/028\/6656028.jpg?resize=350%2C200","width":350,"height":200},"classes":[]},{"id":22656,"url":"https:\/\/rugbyredefined.com\/wp\/uncategorized\/2015\/02\/super-rugby-preview-stormers-v-blues\/","url_meta":{"origin":9880,"position":3},"title":"Super Rugby Preview: Stormers v Blues","author":"RugbyRedefined","date":"February 20, 2015","format":false,"excerpt":"Follow @RedefinedRugby Stormers change one for Blues The Stormers have made just just one change to their starting XV for their clash against the Blues in Cape Town on Saturday. Having opened their campaign with a clinical 29-17 win over the Bulls in Pretoria last weekend, Stormers head coach Allister\u2026","rel":"","context":"Similar post","block_context":{"text":"Similar post","link":""},"img":{"alt_text":"sup15","src":"https:\/\/rugbyredefined.files.wordpress.com\/2015\/02\/sup15.jpg?w=350&h=200&crop=1","width":350,"height":200},"classes":[]},{"id":9745,"url":"https:\/\/rugbyredefined.com\/wp\/uncategorized\/2013\/06\/preview-japan-v-wales\/","url_meta":{"origin":9880,"position":4},"title":"Preview: Japan v Wales","author":"RugbyRedefined","date":"June 8, 2013","format":false,"excerpt":"Follow @RedefinedRugby Wales kingpin: Dan Biggar A second-string Wales team will take on Japan in the first of a two-Test series in Osaka on Saturday. This match, as well as the second Test in Tokyo, will be important for Wales as it will test their reserve strength particularly as they\u2026","rel":"","context":"Similar post","block_context":{"text":"Similar post","link":""},"img":{"alt_text":"Dan Biggar Wales Six Nations 2013","src":"https:\/\/i0.wp.com\/img.skysports.com\/13\/06\/218x298\/Dan-Biggar-Wales-Six-Nations-2013_2955789.jpg?resize=350%2C200","width":350,"height":200},"classes":[]},{"id":40610,"url":"https:\/\/rugbyredefined.com\/wp\/new-zealand\/2022\/06\/maori-all-blacks-bolster-squad-ahead-of-first-match-against-ireland\/","url_meta":{"origin":9880,"position":5},"title":"M\u0101ori All Blacks bolster squad ahead of first match against Ireland","author":"rr_admin","date":"June 22, 2022","format":false,"excerpt":"Cullen Grace (Ng\u0101ti Whakaue \/ Ng\u0101ti Raukawa), Sam Nock (Ng\u0101puhi) and Max Hicks (Ng\u0101ti Ranginui \/ Ng\u0101i te Rangi) will join the M\u0101ori All Blacks squad this week ahead of the team\u2019s first match against Ireland on Wednesday 29 June at FMG Stadium Waikato. Nock debuted for the M\u0101ori All\u2026","rel":"","context":"In &quot;Latest News&quot;","block_context":{"text":"Latest News","link":"https:\/\/rugbyredefined.com\/wp\/category\/latest-news\/"},"img":{"alt_text":"","src":"https:\/\/i0.wp.com\/rugbyredefined.com\/wp\/wp-content\/uploads\/2022\/06\/fresd-scaled.jpg?fit=1200%2C800&ssl=1&resize=350%2C200","width":350,"height":200,"srcset":"https:\/\/i0.wp.com\/rugbyredefined.com\/wp\/wp-content\/uploads\/2022\/06\/fresd-scaled.jpg?fit=1200%2C800&ssl=1&resize=350%2C200 1x, https:\/\/i0.wp.com\/rugbyredefined.com\/wp\/wp-content\/uploads\/2022\/06\/fresd-scaled.jpg?fit=1200%2C800&ssl=1&resize=525%2C300 1.5x, https:\/\/i0.wp.com\/rugbyredefined.com\/wp\/wp-content\/uploads\/2022\/06\/fresd-scaled.jpg?fit=1200%2C800&ssl=1&resize=700%2C400 2x, https:\/\/i0.wp.com\/rugbyredefined.com\/wp\/wp-content\/uploads\/2022\/06\/fresd-scaled.jpg?fit=1200%2C800&ssl=1&resize=1050%2C600 3x"},"classes":[]}],"_links":{"self":[{"href":"https:\/\/rugbyredefined.com\/wp\/wp-json\/wp\/v2\/posts\/9880","targetHints":{"allow":["GET"]}}],"collection":[{"href":"https:\/\/rugbyredefined.com\/wp\/wp-json\/wp\/v2\/posts"}],"about":[{"href":"https:\/\/rugbyredefined.com\/wp\/wp-json\/wp\/v2\/types\/post"}],"author":[{"embeddable":true,"href":"https:\/\/rugbyredefined.com\/wp\/wp-json\/wp\/v2\/users\/2"}],"replies":[{"embeddable":true,"href":"https:\/\/rugbyredefined.com\/wp\/wp-json\/wp\/v2\/comments?post=9880"}],"version-history":[{"count":0,"href":"https:\/\/rugbyredefined.com\/wp\/wp-json\/wp\/v2\/posts\/9880\/revisions"}],"wp:attachment":[{"href":"https:\/\/rugbyredefined.com\/wp\/wp-json\/wp\/v2\/media?parent=9880"}],"wp:term":[{"taxonomy":"category","embeddable":true,"href":"https:\/\/rugbyredefined.com\/wp\/wp-json\/wp\/v2\/categories?post=9880"},{"taxonomy":"post_tag","embeddable":true,"href":"https:\/\/rugbyredefined.com\/wp\/wp-json\/wp\/v2\/tags?post=9880"}],"curies":[{"name":"wp","href":"https:\/\/api.w.org\/{rel}","templated":true}]}}